{"id":597,"date":"2023-04-22T10:27:12","date_gmt":"2023-04-22T08:27:12","guid":{"rendered":"https:\/\/www.cominitesta.eu\/?p=597"},"modified":"2023-04-22T10:58:08","modified_gmt":"2023-04-22T08:58:08","slug":"in-arrivo-proroga-al-30-giugno-per-le-domande-di-adesione-alla-rottamazione-quater","status":"publish","type":"post","link":"https:\/\/www.cominitesta.eu\/?p=597","title":{"rendered":"+++ IN ARRIVO PROROGA AL 30 GIUGNO PER LE DOMANDE DI ADESIONE ALLA ROTTAMAZIONE &#8211; QUATER +++"},"content":{"rendered":"\n<p class=\"wp-block-paragraph\">Notizia delle ore 19 di venerd\u00ec 21 aprile 2023<\/p>\n\n\n\n<p class=\"wp-block-paragraph\">Sul sito del MEF \u00e8 apparso il comunicato n. 68<\/p>\n\n\n\n<div data-wp-interactive=\"core\/file\" class=\"wp-block-file\"><object data-wp-bind--hidden=\"!state.hasPdfPreview\" hidden class=\"wp-block-file__embed\" data=\"https:\/\/www.cominitesta.eu\/wp-content\/uploads\/2023\/04\/comunicato_0068.pdf\" type=\"application\/pdf\" style=\"width:100%;height:600px\" aria-label=\"Incorporamento di comunicato_0068.\"><\/object><a id=\"wp-block-file--media-96d7ed71-4727-427a-9502-a3265ae3b72a\" href=\"https:\/\/www.cominitesta.eu\/wp-content\/uploads\/2023\/04\/comunicato_0068.pdf\">comunicato_0068<\/a><a href=\"https:\/\/www.cominitesta.eu\/wp-content\/uploads\/2023\/04\/comunicato_0068.pdf\" class=\"wp-block-file__button wp-element-button\" download aria-describedby=\"wp-block-file--media-96d7ed71-4727-427a-9502-a3265ae3b72a\">Download<\/a><\/div>\n\n\n\n<p class=\"wp-block-paragraph\">Segue il testo del comunicato<\/p>\n\n\n\n<p class=\"wp-block-paragraph\">Fisco: pi\u00f9 tempo per la \u201cRottamazione-quater\u201d. Domande di adesione fino al 30 giugno 2023 <br>Due mesi in pi\u00f9 per presentare le dichiarazioni di adesione alla speciale procedura &#8220;Rottamazione-quater\u201d delle cartelle, prevista dalla legge di bilancio 2023 (articolo 1, commi da 231 a 252).<\/p>\n\n\n\n<p class=\"wp-block-paragraph\">Il nuovo termine per la presentazione delle domande all\u2019Agenzia delle entrate-Riscossione passa, infatti, dal 30 aprile al 30 giugno 2023.<\/p>\n\n\n\n<p class=\"wp-block-paragraph\">Conseguentemente \u00e8 differito al 30 settembre 2023 (invece del 30 giugno 2023) il termine entro il quale l\u2019Agenzia delle entrate-Riscossione trasmetter\u00e0, ai soggetti che hanno presentato le suddette istanze di adesione, la comunicazione delle somme dovute per il perfezionamento della definizione agevolata.<\/p>\n\n\n\n<p class=\"wp-block-paragraph\">Infine, una prossima disposizione stabilir\u00e0 che la scadenza per il pagamento della prima o unica rata (originariamente fissata al 31 luglio 2023) slitta al 31 ottobre 2023.<\/p>\n","protected":false},"excerpt":{"rendered":"<p>Notizia delle ore 19 di venerd\u00ec 21 aprile 2023 Sul sito del MEF \u00e8 apparso il comunicato n. 68 Segue il testo del comunicato Fisco: pi\u00f9 tempo per la \u201cRottamazione-quater\u201d. Domande di adesione fino al 30 giugno 2023 Due mesi in pi\u00f9 per presentare le dichiarazioni di adesione alla speciale procedura &#8220;Rottamazione-quater\u201d delle cartelle, prevista [&hellip;]<\/p>\n","protected":false},"author":1,"featured_media":0,"comment_status":"open","ping_status":"open","sticky":false,"template":"","format":"standard","meta":{"footnotes":""},"categories":[20],"tags":[24],"class_list":["post-597","post","type-post","status-publish","format-standard","hentry","category-condoni","tag-rottamazione-quater-tasse-condono"],"_links":{"self":[{"href":"https:\/\/www.cominitesta.eu\/index.php?rest_route=\/wp\/v2\/posts\/597","targetHints":{"allow":["GET"]}}],"collection":[{"href":"https:\/\/www.cominitesta.eu\/index.php?rest_route=\/wp\/v2\/posts"}],"about":[{"href":"https:\/\/www.cominitesta.eu\/index.php?rest_route=\/wp\/v2\/types\/post"}],"author":[{"embeddable":true,"href":"https:\/\/www.cominitesta.eu\/index.php?rest_route=\/wp\/v2\/users\/1"}],"replies":[{"embeddable":true,"href":"https:\/\/www.cominitesta.eu\/index.php?rest_route=%2Fwp%2Fv2%2Fcomments&post=597"}],"version-history":[{"count":4,"href":"https:\/\/www.cominitesta.eu\/index.php?rest_route=\/wp\/v2\/posts\/597\/revisions"}],"predecessor-version":[{"id":604,"href":"https:\/\/www.cominitesta.eu\/index.php?rest_route=\/wp\/v2\/posts\/597\/revisions\/604"}],"wp:attachment":[{"href":"https:\/\/www.cominitesta.eu\/index.php?rest_route=%2Fwp%2Fv2%2Fmedia&parent=597"}],"wp:term":[{"taxonomy":"category","embeddable":true,"href":"https:\/\/www.cominitesta.eu\/index.php?rest_route=%2Fwp%2Fv2%2Fcategories&post=597"},{"taxonomy":"post_tag","embeddable":true,"href":"https:\/\/www.cominitesta.eu\/index.php?rest_route=%2Fwp%2Fv2%2Ftags&post=597"}],"curies":[{"name":"wp","href":"https:\/\/api.w.org\/{rel}","templated":true}]}}