{"id":582,"date":"2023-02-21T14:55:48","date_gmt":"2023-02-21T13:55:48","guid":{"rendered":"https:\/\/www.cominitesta.eu\/?p=582"},"modified":"2023-02-21T14:52:26","modified_gmt":"2023-02-21T13:52:26","slug":"la-pace-fiscale-del-2023-e-a-pieno-regime","status":"publish","type":"post","link":"https:\/\/www.cominitesta.eu\/?p=582","title":{"rendered":"La &#8220;Pace fiscale&#8221; del 2023 \u00e8 a pieno regime"},"content":{"rendered":"\n<p class=\"wp-block-paragraph\">Come gi\u00e0 si sar\u00e0 capito leggendo tra le righe i miei articoli relativi alle edizioni precedenti, io non sono granch\u00e9 sostenitore di queste misure che sono a tutti gli effetti dei condoni.<\/p>\n\n\n\n<p class=\"wp-block-paragraph\">Me ne far\u00f2 una ragione &#8211; e mai che si parlasse di tassazione equa e progressiva e a base familiare, del resto esiste da tempo ed \u00e8 ampiamente usato lo strumento del ISEE che ben potrebbe sostituire la dichiarazione dei redditi individuale &#8211; e scriver\u00f2 qui il da farsi minimo perch\u00e9 il lettore possa affrontare con consapevolezza il SE avvalersi del condono (o meno).<\/p>\n\n\n\n<h2 class=\"wp-block-heading\">Io intanto mi sollazzo qui, per distrarmi da condoni e prebende<\/h2>\n\n\n\n<figure class=\"wp-block-image size-large\"><img loading=\"lazy\" decoding=\"async\" width=\"1024\" height=\"461\" src=\"https:\/\/www.cominitesta.eu\/wp-content\/uploads\/2023\/02\/img_20230221_1445186528334829504989254-1024x461.jpg\" alt=\"\" class=\"wp-image-584\" srcset=\"https:\/\/www.cominitesta.eu\/wp-content\/uploads\/2023\/02\/img_20230221_1445186528334829504989254-1024x461.jpg 1024w, https:\/\/www.cominitesta.eu\/wp-content\/uploads\/2023\/02\/img_20230221_1445186528334829504989254-300x135.jpg 300w, https:\/\/www.cominitesta.eu\/wp-content\/uploads\/2023\/02\/img_20230221_1445186528334829504989254-768x346.jpg 768w, https:\/\/www.cominitesta.eu\/wp-content\/uploads\/2023\/02\/img_20230221_1445186528334829504989254-1536x691.jpg 1536w, https:\/\/www.cominitesta.eu\/wp-content\/uploads\/2023\/02\/img_20230221_1445186528334829504989254-2048x922.jpg 2048w\" sizes=\"auto, (max-width: 1024px) 100vw, 1024px\" \/><\/figure>\n\n\n\n<h2 class=\"wp-block-heading\">La legge introduttiva<\/h2>\n\n\n\n<p class=\"wp-block-paragraph\">La misura 2023 \u00e8 stata introdotta con la legge n . 197 del 29 dicembre 2022 &#8220;Bilancio di previsione dello Stato per l&#8217;anno finanziario 2023 e bilancio pluriennale per il triennio 2023-2025.<\/p>\n\n\n\n<p class=\"wp-block-paragraph\">Le misure condonali sono previste a partire dal  commi 166 per finire con il comma 252 ed attraversano lo scibile umano dalla definizione delle liti tributarie di merito e in Cassazione, passando per lo stralcio delle cartelle fino a 1000\u20ac per arrivare infine alla tanto attesa &#8220;Rottamazione-quater&#8221; e di quest&#8217;ultima parler\u00f2 di seguito.<\/p>\n\n\n\n<figure class=\"wp-block-image size-large\"><img loading=\"lazy\" decoding=\"async\" width=\"1024\" height=\"1003\" src=\"https:\/\/www.cominitesta.eu\/wp-content\/uploads\/2023\/02\/img_20230221_1450126623321515057317225-1024x1003.jpg\" alt=\"\" class=\"wp-image-585\" srcset=\"https:\/\/www.cominitesta.eu\/wp-content\/uploads\/2023\/02\/img_20230221_1450126623321515057317225-1024x1003.jpg 1024w, https:\/\/www.cominitesta.eu\/wp-content\/uploads\/2023\/02\/img_20230221_1450126623321515057317225-300x294.jpg 300w, https:\/\/www.cominitesta.eu\/wp-content\/uploads\/2023\/02\/img_20230221_1450126623321515057317225-768x752.jpg 768w, https:\/\/www.cominitesta.eu\/wp-content\/uploads\/2023\/02\/img_20230221_1450126623321515057317225.jpg 1080w\" sizes=\"auto, (max-width: 1024px) 100vw, 1024px\" \/><\/figure>\n\n\n\n<h2 class=\"wp-block-heading\">La Rottamazione-quater<\/h2>\n\n\n\n<p class=\"wp-block-paragraph\">Innanzitutto, quali cartelle potranno essere rottamate? La norma dice &#8220;i debiti risultanti dai singoli carichi affidati agli agenti della riscossione dal 1 gennaio 2000 al 30 giugno 2022&#8221;.<\/p>\n\n\n\n<p class=\"wp-block-paragraph\">Quanto si paga? Si rottameranno i carichi versando il capitale oltre alle spese eventuali di notificazione della cartella e di eventuali fasi esecutive, con esclusione di interessi, sanzioni e aggio.<\/p>\n\n\n\n<p class=\"wp-block-paragraph\">Come si paga? Il pagamento potr\u00e0 essere eseguito in unica soluzione alla scadenza del 31 luglio 2023 oppure in un massimo di 18 rate delle quali 2 entro il 31 luglio ed il 30 novembre di questo anno, per un totale del 20% del debito ed in seguito le restanti 16 rate in egual misura in 4 rate all&#8217;anno con scadenza al 28 febbraio, al 31 maggio, al 31 luglio ed al 30 novembre.<\/p>\n\n\n\n<p class=\"wp-block-paragraph\">Per semplicit\u00e0 lo scadenziario sar\u00e0: il 20% nel 2023 in 2 rate; il 20% nel 2024 in 4 rate; il 20% nel 2025 in 4 rate; il 20% nel 2026 in 4 rate; l&#8217;ultimo 20% nel 2027 in 4 rate con fine al 30 novembre 2027.<\/p>\n\n\n\n<p class=\"wp-block-paragraph\">Come procedere? Ciascuno contribuente potr\u00e0 accedere a proprio cassetto fiscale &#8211; personalmente con il proprio SPID oppure delegando il proprio consulente di fiducia &#8211; ed ottenere (con una procedura piuttosto barocca in verit\u00e0) il proprio &#8220;prospetto&#8221; contente il dettaglio dei carichi rottamabili.<\/p>\n\n\n\n<p class=\"wp-block-paragraph\">Sempre attraverso il proprio cassetto fiscale, parimenti in proprio oppure per il tramite del consulente di fiducia, potr\u00e0 essere presentata la richiesta di accesso alla misura condonale.<\/p>\n\n\n\n<p class=\"wp-block-paragraph\">Entro quando chiedere la Rottamazione-quater? la domanda di accesso alla misura condonale dovr\u00e0 essere presentata improrogabilmente entro il 30 aprile 2023.<\/p>\n\n\n\n<p class=\"wp-block-paragraph\">Cosa succede in caso di omesso pagamento di una rata? Il mancato pagamento di una rata entro 5 giorni dalla scadenza comporta decadenza e quanto eventualmente versato \u00e8 considerato in acconto sul reviviscente debito originario.<\/p>\n\n\n\n<p class=\"wp-block-paragraph\">Il consueto consiglio \u00e8 quello di affidarvi al vostro consulente di fiducia.<\/p>\n\n\n\n<p class=\"wp-block-paragraph\">Io rimango a disposizione per approfondimenti e chiarimenti, i mei contatti sono nella pagina dedicata di questo blog.<\/p>\n","protected":false},"excerpt":{"rendered":"<p>Come gi\u00e0 si sar\u00e0 capito leggendo tra le righe i miei articoli relativi alle edizioni precedenti, io non sono granch\u00e9 sostenitore di queste misure che sono a tutti gli effetti dei condoni. Me ne far\u00f2 una ragione &#8211; e mai che si parlasse di tassazione equa e progressiva e a base familiare, del resto esiste [&hellip;]<\/p>\n","protected":false},"author":1,"featured_media":0,"comment_status":"open","ping_status":"open","sticky":false,"template":"","format":"standard","meta":{"footnotes":""},"categories":[20],"tags":[7,9,22],"class_list":["post-582","post","type-post","status-publish","format-standard","hentry","category-condoni","tag-equitalia","tag-pace-fiscale","tag-riscossione"],"_links":{"self":[{"href":"https:\/\/www.cominitesta.eu\/index.php?rest_route=\/wp\/v2\/posts\/582","targetHints":{"allow":["GET"]}}],"collection":[{"href":"https:\/\/www.cominitesta.eu\/index.php?rest_route=\/wp\/v2\/posts"}],"about":[{"href":"https:\/\/www.cominitesta.eu\/index.php?rest_route=\/wp\/v2\/types\/post"}],"author":[{"embeddable":true,"href":"https:\/\/www.cominitesta.eu\/index.php?rest_route=\/wp\/v2\/users\/1"}],"replies":[{"embeddable":true,"href":"https:\/\/www.cominitesta.eu\/index.php?rest_route=%2Fwp%2Fv2%2Fcomments&post=582"}],"version-history":[{"count":2,"href":"https:\/\/www.cominitesta.eu\/index.php?rest_route=\/wp\/v2\/posts\/582\/revisions"}],"predecessor-version":[{"id":586,"href":"https:\/\/www.cominitesta.eu\/index.php?rest_route=\/wp\/v2\/posts\/582\/revisions\/586"}],"wp:attachment":[{"href":"https:\/\/www.cominitesta.eu\/index.php?rest_route=%2Fwp%2Fv2%2Fmedia&parent=582"}],"wp:term":[{"taxonomy":"category","embeddable":true,"href":"https:\/\/www.cominitesta.eu\/index.php?rest_route=%2Fwp%2Fv2%2Fcategories&post=582"},{"taxonomy":"post_tag","embeddable":true,"href":"https:\/\/www.cominitesta.eu\/index.php?rest_route=%2Fwp%2Fv2%2Ftags&post=582"}],"curies":[{"name":"wp","href":"https:\/\/api.w.org\/{rel}","templated":true}]}}